{"id":2458,"date":"2022-09-02T09:04:19","date_gmt":"2022-09-02T07:04:19","guid":{"rendered":"https:\/\/trakaimuziejus.lt\/?p=2458"},"modified":"2022-09-02T09:04:20","modified_gmt":"2022-09-02T07:04:20","slug":"jungtine-autoriniu-biblijos-irisu-paroda-biblija-knygrisio-rankose-dziaugsmas-sielai-grozis-akims","status":"publish","type":"post","link":"https:\/\/trakaimuziejus.lt\/en\/parodos\/jungtine-autoriniu-biblijos-irisu-paroda-biblija-knygrisio-rankose-dziaugsmas-sielai-grozis-akims\/","title":{"rendered":"Jungtin\u0117 autorini\u0173 Biblijos \u012fri\u0161\u0173 paroda \u201eBiblija knygri\u0161io rankose: d\u017eiaugsmas sielai, gro\u017eis akims\u201c"},"content":{"rendered":"<p>\u0160. m. rugs\u0117jo 8 d. 16.00 val., i\u0161kilmingai \u0161ven\u010diant <em>Trak\u0173<\/em><em> <\/em>700-\u0105j\u012f<em>jubiliej\u0173,<\/em> Trak\u0173 istorijos muziejaus Sakralinio meno ekspozicijoje (Trak\u0173 Pusiasalio pilies teritorijoje esan\u010dioje Dominikon\u0173 vienuolyno koply\u010dioje) atidaromajungtin\u0117 autorini\u0173 Biblijos \u012fri\u0161\u0173 paroda \u201eBiblija knygri\u0161io rankose: d\u017eiaugsmas sielai, gro\u017eis akims\u201c<em>. <\/em>Parodoje \u2013 per \u0161imtme\u010dius kintantys, bet i\u0161liekantys \u012fri\u0161ai, atspindintys knygri\u0161yst\u0117s tradicijas ir j\u0173 t\u0119stinum\u0105.<\/p>\n\n\n\n<p>Kaip gyventume \u0161iandien, jei prot\u0117viai neb\u016bt\u0173 i\u0161rad\u0119 ra\u0161to, ir kaip ra\u0161tas tarnaut\u0173 kartai po kartos, jeigu jo nesaugot\u0173 kruop\u0161\u010diai \u012fri\u0161ti knygos puslapiai, neglobot\u0173 meistro pagamintas vir\u0161elis? O ypatingas d\u0117mesys \u2013 Biblijai, klojusiai Vakar\u0173 civilizacijos pamat\u0105. Biblijos vertyb\u0117s, skelbiamos tikin\u010di\u0173j\u0173 bendruomen\u0117se, atsispind\u0117jo \u012fstatymuose, mene, architekt\u016broje, dr\u0105sino ir \u012fkv\u0117p\u0117 keliautojus, i\u0161rad\u0117jus, filantropus. Pagarba Biblijos \u017einiai, siekiant pabr\u0117\u017eti jos svarb\u0105, taurum\u0105 ir vert\u0119, diktavo ir knygri\u0161yst\u0117s amato bei meno kryptis: kuriant vir\u0161elius, dekoruojant juos apkaustais, sagtimis, \u012fspaudais ir kitomis detal\u0117mis.<\/p>\n\n\n\n<p>Parodoje i\u0161vysime unikalius XIX\u2013XX a. pr. istorinius \u012fri\u0161us, saugomus Trak\u0173 istorijos muziejaus rinkiniuose ir Lietuvos Biblijos draugijos kolekcijose. Intriguos min\u0117tos draugijos kaupiam\u0173, saugom\u0173 ir kaskart papildom\u0173 bei vie\u0161inam\u0173 Vilniaus knygri\u0161i\u0173 gildijos nari\u0173 autoriniai \u012fri\u0161ai. Pristatoma autorini\u0173 Biblijos \u012fri\u0161\u0173 kolekcija apjungs tiek knygos restauratori\u0173 istorines \u017einias bei praktinius \u012fg\u016bd\u017eius, tiek dailinink\u0173 odinink\u0173 ir menotyrinink\u0173 k\u016brybin\u012f pol\u0117k\u012f.<\/p>\n\n\n\n<p>Parod\u0105 papildys unikalus, retam matytas eksponatas, kur\u012f kolegi\u0161kai skolina K\u0117daini\u0173 kra\u0161to muziejus, - ne\u017einomo XV a. pab. dailininko polichromuota medin\u0117 skulpt\u016bra \u201e\u0160ventas Jonas Krik\u0161tytojas\u201c. \u012e K\u0117daini\u0173 kra\u0161totyros muziej\u0173 k\u016brinys pateko i\u0161 Lab\u016bnavos kapini\u0173 koply\u010dios. Skulpt\u016bra yra 112 cm auk\u0161\u010dio, i\u0161dro\u017eta i\u0161 vieno liepos med\u017eio gabalo. Grei\u010diausiai, ji buvo skirta altoriui, nes tik vaizdin\u0117 pus\u0117 buvo modeliuota, polichromuota ir auksuota.<\/p>\n\n\n\n<p>\u0160vento Jono Krik\u0161tytojo galva yra ir Trak\u0173 miesto heraldinis, herbinis simbolis. O pati paroda simboli\u0161kai \u012fkurdinta nuolat veikian\u010dioje Dominikon\u0173 vienuolyno ekspozicijoje, kurioje lankytojams si\u016bloma susipa\u017einti su praeities ne tik kult\u016brine, menine, istorine verte, bet ir sakralin\u0119 bei dvasin\u0119 kolektyvin\u0117s atminties dal\u012f pristatan\u010diais artefaktais.<\/p>\n\n\n\n<p><strong>Reng\u0117jai: Trak\u0173 istorijos muziejus, Lietuvos Biblijos draugija, Vilniaus knygri\u0161i\u0173 gildija, K\u0117daini\u0173 kra\u0161to muziejus.<\/strong><\/p>\n\n\n\n<p><strong>Parodos atidarymas \u2013 2022 m. rugs\u0117jo 8 dien\u0105, ketvirtadien\u012f, 16.00 val., Trak\u0173 istorijos muziejaus Sakralinio meno ekspozicijoje (K\u0119stu\u010dio g. 4, Trakai).&nbsp;<\/strong><\/p>\n\n\n\n<p><em><strong>Parod\u0105 galima ap\u017ei\u016br\u0117ti&nbsp; tre\u010diadieniais \u2013 sekmadieniais, 10.00\u201318.00 val.<\/strong><\/em><strong><\/strong><\/p>\n\n\n\n<p><em><strong>Paroda veiks iki 2022 m. spalio 9 d.<\/strong><\/em><strong><\/strong><\/p>","protected":false},"excerpt":{"rendered":"<p>\u0160. m. rugs\u0117jo 8 d. 16.00 val., i\u0161kilmingai \u0161ven\u010diant Trak\u0173 700-\u0105j\u012fjubiliej\u0173, Trak\u0173 istorijos muziejaus Sakralinio meno ekspozicijoje (Trak\u0173 Pusiasalio pilies teritorijoje esan\u010dioje Dominikon\u0173 vienuolyno koply\u010dioje) atidaromajungtin\u0117 autorini\u0173 Biblijos \u012fri\u0161\u0173 paroda \u201eBiblija knygri\u0161io rankose: d\u017eiaugsmas sielai, gro\u017eis akims\u201c. Parodoje \u2013 per \u0161imtme\u010dius kintantys, bet i\u0161liekantys \u012fri\u0161ai, atspindintys knygri\u0161yst\u0117s tradicijas ir j\u0173 t\u0119stinum\u0105. Kaip gyventume \u0161iandien, jei [&hellip;]<\/p>","protected":false},"author":2,"featured_media":2459,"comment_status":"closed","ping_status":"open","sticky":false,"template":"","format":"standard","meta":[],"categories":[33,37],"tags":[],"acf":[],"_links":{"self":[{"href":"https:\/\/trakaimuziejus.lt\/en\/wp-json\/wp\/v2\/posts\/2458"}],"collection":[{"href":"https:\/\/trakaimuziejus.lt\/en\/wp-json\/wp\/v2\/posts"}],"about":[{"href":"https:\/\/trakaimuziejus.lt\/en\/wp-json\/wp\/v2\/types\/post"}],"author":[{"embeddable":true,"href":"https:\/\/trakaimuziejus.lt\/en\/wp-json\/wp\/v2\/users\/2"}],"replies":[{"embeddable":true,"href":"https:\/\/trakaimuziejus.lt\/en\/wp-json\/wp\/v2\/comments?post=2458"}],"version-history":[{"count":1,"href":"https:\/\/trakaimuziejus.lt\/en\/wp-json\/wp\/v2\/posts\/2458\/revisions"}],"predecessor-version":[{"id":2460,"href":"https:\/\/trakaimuziejus.lt\/en\/wp-json\/wp\/v2\/posts\/2458\/revisions\/2460"}],"wp:featuredmedia":[{"embeddable":true,"href":"https:\/\/trakaimuziejus.lt\/en\/wp-json\/wp\/v2\/media\/2459"}],"wp:attachment":[{"href":"https:\/\/trakaimuziejus.lt\/en\/wp-json\/wp\/v2\/media?parent=2458"}],"wp:term":[{"taxonomy":"category","embeddable":true,"href":"https:\/\/trakaimuziejus.lt\/en\/wp-json\/wp\/v2\/categories?post=2458"},{"taxonomy":"post_tag","embeddable":true,"href":"https:\/\/trakaimuziejus.lt\/en\/wp-json\/wp\/v2\/tags?post=2458"}],"curies":[{"name":"wp","href":"https:\/\/api.w.org\/{rel}","templated":true}]}}